{"id":97841,"date":"2025-10-31T05:05:57","date_gmt":"2025-10-30T22:05:57","guid":{"rendered":"https:\/\/thisav.me\/ipx-035-show-pela-primeira-vez-garota-magra-alem-da-historia\/"},"modified":"2025-11-03T03:24:29","modified_gmt":"2025-11-02T20:24:29","slug":"ipx-035-show-pela-primeira-vez-garota-magra-alem-da-historia","status":"publish","type":"post","link":"https:\/\/missav.video\/pt-br\/ipx-035-show-pela-primeira-vez-garota-magra-alem-da-historia\/","title":{"rendered":"IPX-035 Show pela primeira vez, garota magra al\u00e9m da hist\u00f3ria"},"content":{"rendered":"<p>IPX-035 Primeiro Evento de Atua\u00e7\u00e3o Garota Muito Magra Nanami Misaki Sinopse Esta \u00e9 a primeira vez que Nanami Misaki vai come\u00e7ar a filmar, ent\u00e3o h\u00e1 alguma conversa sobre sua hist\u00f3ria pessoal. Mesmo que ela tivesse acabado de terminar com o namorado por 5 meses, ela come\u00e7ou a aceitar empregos.<br \/>\n<iframe loading=\"lazy\" class=\"videowrapper\" src=\"https:\/\/fembeqq.xyz\/player\/index.php?data=6925f2a16026e36e4fc112f82dd79406\" width=\"300\" height=\"175\" frameborder=\"0\" allowfullscreen=\"allowfullscreen\"><\/iframe><\/p>\n","protected":false},"excerpt":{"rendered":"<p>IPX-035 Primeiro Evento de Atua\u00e7\u00e3o Garota Muito Magra Nanami Misaki Sinopse Esta \u00e9 a primeira vez que Nanami Misaki vai come\u00e7ar a filmar, ent\u00e3o h\u00e1 alguma conversa sobre sua hist\u00f3ria pessoal. Mesmo que ela tivesse acabado de terminar com o namorado por 5 meses, ela come\u00e7ou a aceitar empregos. [&#8230;]<\/p>\n<p><a class=\"btn btn-primary wpst-read-more-link\" href=\"https:\/\/missav.video\/pt-br\/ipx-035-show-pela-primeira-vez-garota-magra-alem-da-historia\/\">Read More&#8230;<\/a><\/p>\n","protected":false},"author":2,"featured_media":97481,"comment_status":"closed","ping_status":"open","sticky":false,"template":"","format":"standard","meta":{"footnotes":""},"categories":[114,393],"tags":[2474,4174,3240,5709],"actors":[8861],"class_list":["post-97841","post","type-post","status-publish","format-standard","has-post-thumbnail","hentry","category-assista-jav","category-av-estreia","tag-avsubthai-pt-br","tag-copo-d","tag-ipx-pt-br","tag-rachadura-na-cara","actors-nanami-misaki-pt-br"],"_links":{"self":[{"href":"https:\/\/missav.video\/pt-br\/wp-json\/wp\/v2\/posts\/97841","targetHints":{"allow":["GET"]}}],"collection":[{"href":"https:\/\/missav.video\/pt-br\/wp-json\/wp\/v2\/posts"}],"about":[{"href":"https:\/\/missav.video\/pt-br\/wp-json\/wp\/v2\/types\/post"}],"author":[{"embeddable":true,"href":"https:\/\/missav.video\/pt-br\/wp-json\/wp\/v2\/users\/2"}],"replies":[{"embeddable":true,"href":"https:\/\/missav.video\/pt-br\/wp-json\/wp\/v2\/comments?post=97841"}],"version-history":[{"count":0,"href":"https:\/\/missav.video\/pt-br\/wp-json\/wp\/v2\/posts\/97841\/revisions"}],"wp:featuredmedia":[{"embeddable":true,"href":"https:\/\/missav.video\/pt-br\/wp-json\/wp\/v2\/media\/97481"}],"wp:attachment":[{"href":"https:\/\/missav.video\/pt-br\/wp-json\/wp\/v2\/media?parent=97841"}],"wp:term":[{"taxonomy":"category","embeddable":true,"href":"https:\/\/missav.video\/pt-br\/wp-json\/wp\/v2\/categories?post=97841"},{"taxonomy":"post_tag","embeddable":true,"href":"https:\/\/missav.video\/pt-br\/wp-json\/wp\/v2\/tags?post=97841"},{"taxonomy":"actors","embeddable":true,"href":"https:\/\/missav.video\/pt-br\/wp-json\/wp\/v2\/actors?post=97841"}],"curies":[{"name":"wp","href":"https:\/\/api.w.org\/{rel}","templated":true}]}}