{"id":78615,"date":"2025-06-27T17:00:46","date_gmt":"2025-06-27T10:00:46","guid":{"rendered":"https:\/\/thisav.me\/sone-638-o-tempo-e-como-ir-ao-acampamento-mas-e-relaxante-como-estar-no-ceu\/"},"modified":"2025-06-27T17:00:46","modified_gmt":"2025-06-27T10:00:46","slug":"sone-638-o-tempo-e-como-ir-ao-acampamento-mas-e-relaxante-como-estar-no-ceu","status":"publish","type":"post","link":"https:\/\/missav.video\/pt-br\/sone-638-o-tempo-e-como-ir-ao-acampamento-mas-e-relaxante-como-estar-no-ceu\/","title":{"rendered":"SONE-638 O tempo \u00e9 como ir ao acampamento, mas \u00e9 relaxante como estar no c\u00e9u"},"content":{"rendered":"<p>SONE-638 O tempo \u00e9 como ir ao acampamento, mas \u00e9 relaxante como o c\u00e9u Kanna Seto Sinopse Todos n\u00f3s sabemos que o tempo para ir ao acampamento geralmente leva at\u00e9 3 dias e 2 noites. O nome dela \u00e9 Kanna Seto, com o qual estamos muito familiarizados.<br \/>\n<iframe loading=\"lazy\" class=\"videowrapper\" src=\"https:\/\/fembeqv2.xyz\/player\/index.php?data=6bc24fc1ab650b25b4114e93a98f1eba\" width=\"300\" height=\"175\" frameborder=\"0\" allowfullscreen=\"allowfullscreen\"><\/iframe><\/p>\n","protected":false},"excerpt":{"rendered":"<p>SONE-638 O tempo \u00e9 como ir ao acampamento, mas \u00e9 relaxante como o c\u00e9u Kanna Seto Sinopse Todos n\u00f3s sabemos que o tempo para ir ao acampamento geralmente leva at\u00e9 3 dias e 2 noites. O nome dela \u00e9 Kanna Seto, com o qual estamos muito familiarizados. [&#8230;]<\/p>\n<p><a class=\"btn btn-primary wpst-read-more-link\" href=\"https:\/\/missav.video\/pt-br\/sone-638-o-tempo-e-como-ir-ao-acampamento-mas-e-relaxante-como-estar-no-ceu\/\">Read More&#8230;<\/a><\/p>\n","protected":false},"author":2,"featured_media":78600,"comment_status":"closed","ping_status":"open","sticky":false,"template":"","format":"standard","meta":{"footnotes":""},"categories":[114,454],"tags":[4366,223,323,117,1174],"actors":[31075],"class_list":["post-78615","post","type-post","status-publish","format-standard","has-post-thumbnail","hentry","category-assista-jav","category-namoro-av","tag-copo-j","tag-grande","tag-menina-de-cabelo-curto","tag-sone-pt-br","tag-uma-boa-menina","actors-kanna-seto-pt-br"],"_links":{"self":[{"href":"https:\/\/missav.video\/pt-br\/wp-json\/wp\/v2\/posts\/78615","targetHints":{"allow":["GET"]}}],"collection":[{"href":"https:\/\/missav.video\/pt-br\/wp-json\/wp\/v2\/posts"}],"about":[{"href":"https:\/\/missav.video\/pt-br\/wp-json\/wp\/v2\/types\/post"}],"author":[{"embeddable":true,"href":"https:\/\/missav.video\/pt-br\/wp-json\/wp\/v2\/users\/2"}],"replies":[{"embeddable":true,"href":"https:\/\/missav.video\/pt-br\/wp-json\/wp\/v2\/comments?post=78615"}],"version-history":[{"count":0,"href":"https:\/\/missav.video\/pt-br\/wp-json\/wp\/v2\/posts\/78615\/revisions"}],"wp:featuredmedia":[{"embeddable":true,"href":"https:\/\/missav.video\/pt-br\/wp-json\/wp\/v2\/media\/78600"}],"wp:attachment":[{"href":"https:\/\/missav.video\/pt-br\/wp-json\/wp\/v2\/media?parent=78615"}],"wp:term":[{"taxonomy":"category","embeddable":true,"href":"https:\/\/missav.video\/pt-br\/wp-json\/wp\/v2\/categories?post=78615"},{"taxonomy":"post_tag","embeddable":true,"href":"https:\/\/missav.video\/pt-br\/wp-json\/wp\/v2\/tags?post=78615"},{"taxonomy":"actors","embeddable":true,"href":"https:\/\/missav.video\/pt-br\/wp-json\/wp\/v2\/actors?post=78615"}],"curies":[{"name":"wp","href":"https:\/\/api.w.org\/{rel}","templated":true}]}}