{"id":112832,"date":"2026-01-02T11:02:54","date_gmt":"2026-01-02T04:02:54","guid":{"rendered":"https:\/\/thisav.me\/lol-207-uma-garota-pequena-com-um-corpo-infantil-mas-fofa\/"},"modified":"2026-01-02T11:02:54","modified_gmt":"2026-01-02T04:02:54","slug":"lol-207-uma-garota-pequena-com-um-corpo-infantil-mas-fofa","status":"publish","type":"post","link":"https:\/\/missav.video\/pt-br\/lol-207-uma-garota-pequena-com-um-corpo-infantil-mas-fofa\/","title":{"rendered":"LOL-207 Uma garota pequena com um corpo infantil, mas fofa"},"content":{"rendered":"<p>LOL-207 Uma Garotinha com Corpo de Crian\u00e7a, Mas Fofa Kudou Rara Sinopse Hoje marquei uma consulta com a Kudo. Rara Menina fofa Ela tem uma pequena inf\u00e2ncia dentro dela, que o homem que conheceu hoje come\u00e7ou com carinho, mas o estilo dela vai al\u00e9m da idade do ensino m\u00e9dio.<br \/>\n<iframe loading=\"lazy\" class=\"videowrapper\" src=\"https:\/\/fembeqq.xyz\/player\/index.php?data=f4a331b7a22d1b237565d8813a34d8ac\" width=\"300\" height=\"175\" frameborder=\"0\" allowfullscreen=\"allowfullscreen\"><\/iframe><\/p>\n","protected":false},"excerpt":{"rendered":"<p>LOL-207 Uma Garotinha com Corpo de Crian\u00e7a, Mas Fofa Kudou Rara Sinopse Hoje marquei uma consulta com a Kudo. Rara Menina fofa Ela tem uma pequena inf\u00e2ncia dentro dela, que o homem que conheceu hoje come\u00e7ou com carinho, mas o estilo dela vai al\u00e9m da idade do ensino m\u00e9dio. [&#8230;]<\/p>\n<p><a class=\"btn btn-primary wpst-read-more-link\" href=\"https:\/\/missav.video\/pt-br\/lol-207-uma-garota-pequena-com-um-corpo-infantil-mas-fofa\/\">Read More&#8230;<\/a><\/p>\n","protected":false},"author":2,"featured_media":112791,"comment_status":"closed","ping_status":"open","sticky":false,"template":"","format":"standard","meta":{"footnotes":""},"categories":[114],"tags":[1609,40247,1799,175,1328],"actors":[4471],"class_list":["post-112832","post","type-post","status-publish","format-standard","has-post-thumbnail","hentry","category-assista-jav","tag-estudante","tag-kkk","tag-menina-bonito","tag-menina-de-cabelos-compridos","tag-menina-pequena","actors-kudou-rara-pt-br"],"_links":{"self":[{"href":"https:\/\/missav.video\/pt-br\/wp-json\/wp\/v2\/posts\/112832","targetHints":{"allow":["GET"]}}],"collection":[{"href":"https:\/\/missav.video\/pt-br\/wp-json\/wp\/v2\/posts"}],"about":[{"href":"https:\/\/missav.video\/pt-br\/wp-json\/wp\/v2\/types\/post"}],"author":[{"embeddable":true,"href":"https:\/\/missav.video\/pt-br\/wp-json\/wp\/v2\/users\/2"}],"replies":[{"embeddable":true,"href":"https:\/\/missav.video\/pt-br\/wp-json\/wp\/v2\/comments?post=112832"}],"version-history":[{"count":0,"href":"https:\/\/missav.video\/pt-br\/wp-json\/wp\/v2\/posts\/112832\/revisions"}],"wp:featuredmedia":[{"embeddable":true,"href":"https:\/\/missav.video\/pt-br\/wp-json\/wp\/v2\/media\/112791"}],"wp:attachment":[{"href":"https:\/\/missav.video\/pt-br\/wp-json\/wp\/v2\/media?parent=112832"}],"wp:term":[{"taxonomy":"category","embeddable":true,"href":"https:\/\/missav.video\/pt-br\/wp-json\/wp\/v2\/categories?post=112832"},{"taxonomy":"post_tag","embeddable":true,"href":"https:\/\/missav.video\/pt-br\/wp-json\/wp\/v2\/tags?post=112832"},{"taxonomy":"actors","embeddable":true,"href":"https:\/\/missav.video\/pt-br\/wp-json\/wp\/v2\/actors?post=112832"}],"curies":[{"name":"wp","href":"https:\/\/api.w.org\/{rel}","templated":true}]}}